{"id":387,"date":"2020-11-26T14:00:00","date_gmt":"2020-11-26T14:00:00","guid":{"rendered":"https:\/\/femartact.gr\/?p=387"},"modified":"2025-12-14T19:02:48","modified_gmt":"2025-12-14T19:02:48","slug":"maurice-montet-the-conscientious-objector","status":"publish","type":"post","link":"https:\/\/femartact.gr\/?p=387","title":{"rendered":"Maurice Montet: objecteur de conscience et pacifiste int\u00e9gral"},"content":{"rendered":"\n<p>Vous pouvez d\u00e9sormais visionner en ligne la version originale fran\u00e7aise de notre documentaire &#8220;Maurice Montet: objecteur de conscience et pacifiste int\u00e9gral&#8221; ici:<\/p>\n\n\n\n<figure class=\"wp-block-embed is-type-video is-provider-youtube wp-block-embed-youtube wp-embed-aspect-16-9 wp-has-aspect-ratio\"><div class=\"wp-block-embed__wrapper\">\n<div class='embed-container'><iframe loading=\"lazy\" title=\"Maurice Montet: objecteur de conscience et pacifiste int\u00e9gral\" width=\"1920\" height=\"1080\" src=\"https:\/\/www.youtube.com\/embed\/gpfFyc3rKlo?feature=oembed\" frameborder=\"0\" allow=\"accelerometer; autoplay; clipboard-write; encrypted-media; gyroscope; picture-in-picture; web-share\" referrerpolicy=\"strict-origin-when-cross-origin\" allowfullscreen><\/iframe><\/div>\n<\/div><\/figure>\n\n\n\n<p>Il a \u00e9t\u00e9 publi\u00e9 le 1\/1\/2021, pour honorer les 100 ans de l\u2019Internationale des R\u00e9sistants \u00e0 la Guerre (IRG).<\/p>\n\n\n\n<p>Le documentaire&nbsp;&#8220;Maurice Montet: objecteur de conscience et pacifiste int\u00e9gral&#8221;, qui a \u00e9t\u00e9 tourn\u00e9 \u00e0 Paris en d\u00e9cembre 2019, pr\u00e9sente l&#8217;action du mouvement pacifiste en France et dans le monde, \u00e0 travers la vie inspirante et les archives riches d&#8217;une personnalit\u00e9 engag\u00e9e: l&#8217;objecteur de conscience et pacifiste int\u00e9gral Maurice Montet.<\/p>\n\n\n\n<p>Informations sur le documentaire:<br>Direction &amp; montage: Alexia Tsouni; photographie &amp; son: Georgios Giannopoulos; recherche: Mamadou Babo Barry, musique: Stefan Kartenberg; production: <a href=\"http:\/\/femartact.gr\/\" target=\"_blank\" rel=\"noreferrer noopener\">FemArtAct<\/a>, avec le soutien de: <a href=\"http:\/\/unionpacifiste.org\/\" target=\"_blank\" rel=\"noreferrer noopener\">UPF<\/a>, <a href=\"https:\/\/www.ebco-beoc.org\/\" target=\"_blank\" rel=\"noreferrer noopener\">BEOC-EBCO<\/a>, <a href=\"https:\/\/wri-irg.org\/en\" target=\"_blank\" rel=\"noreferrer noopener\">IRG-WRI<\/a>, <a href=\"http:\/\/www.ifor.org\/\" target=\"_blank\" rel=\"noreferrer noopener\">MIR-IFOR<\/a>, <a href=\"http:\/\/www.sci-france.org\/\" target=\"_blank\" rel=\"noreferrer noopener\">SCI France<\/a>. Ann\u00e9e : 2020, dur\u00e9e: 68 min, langue: Fran\u00e7ais.<\/p>\n\n\n\n<p>\u00c0 l&#8217;occasion de la Journ\u00e9e internationale des Droits de l&#8217;Homme, le 10 d\u00e9cembre 2020, <a rel=\"noreferrer noopener\" href=\"http:\/\/unionpacifiste.org\/\" target=\"_blank\">l&#8217;Union Pacifiste de France (UPF)<\/a>, <a rel=\"noreferrer noopener\" href=\"https:\/\/www.ebco-beoc.org\/\" target=\"_blank\">le Bureau Europ\u00e9en de l&#8217;Objection de Conscience (BEOC-EBCO)<\/a> et <a rel=\"noreferrer noopener\" href=\"https:\/\/wri-irg.org\/en\" target=\"_blank\">l\u2019Internationale des R\u00e9sistants \u00e0 la Guerre (IRG-WRI)<\/a> ont co-organis\u00e9 la premi\u00e8re du documentaire le 11 d\u00e9cembre 2020:<\/p>\n\n\n\n<p><a href=\"https:\/\/www.facebook.com\/events\/658479198154549\">https:\/\/www.facebook.com\/events\/658479198154549<\/a><\/p>\n\n\n\n<p>Programme (heure de Paris) :<br>18:00-18:10 Accueil par le BEOC et l&#8217;IRG<br>18:10-18:15 Accueil par l&#8217;UPF &#8211; Maurice Montet<br>18:15-19:30 Projection du documentaire<br>19:30-20:00 Discussion.<\/p>\n\n\n\n<p>***<\/p>\n\n\n\n<p>You can now watch online the original french version of our documentary &#8220;Maurice Montet: conscientious objector and integral pacifist&#8221; here:&nbsp;<\/p>\n\n\n\n<figure class=\"wp-block-embed is-type-video is-provider-youtube wp-block-embed-youtube wp-embed-aspect-16-9 wp-has-aspect-ratio\"><div class=\"wp-block-embed__wrapper\">\n<div class='embed-container'><iframe loading=\"lazy\" title=\"Maurice Montet: objecteur de conscience et pacifiste int\u00e9gral\" width=\"1920\" height=\"1080\" src=\"https:\/\/www.youtube.com\/embed\/gpfFyc3rKlo?feature=oembed\" frameborder=\"0\" allow=\"accelerometer; autoplay; clipboard-write; encrypted-media; gyroscope; picture-in-picture; web-share\" referrerpolicy=\"strict-origin-when-cross-origin\" allowfullscreen><\/iframe><\/div>\n<\/div><\/figure>\n\n\n\n<p>It was published on 1\/1\/2021, to honor the 100 years of War Resisters&#8217; International (WRI).<\/p>\n\n\n\n<p>The documentary &#8220;Maurice Montet: conscientious objector and integral pacifist&#8221;, which was shot in Paris in December 2019, presents the action of the pacifist movement in France and worldwide, through the inspiring life and rich archive of a committed personality: conscientious objector and integral pacifist Maurice Montet. <\/p>\n\n\n\n<p>Documentary info: Direction &amp; editing: Alexia Tsouni, photography &amp; sound: George Giannopoulos, research: Mamadou Babo Barry, music: Stefan Kartenberg, production: <a href=\"http:\/\/femartact.gr\/\" target=\"_blank\" rel=\"noreferrer noopener\">FemArtAct<\/a>, support: <a href=\"http:\/\/unionpacifiste.org\/\" target=\"_blank\" rel=\"noreferrer noopener\">UPF<\/a>, <a href=\"https:\/\/www.ebco-beoc.org\/\" target=\"_blank\" rel=\"noreferrer noopener\">EBCO<\/a>, <a href=\"https:\/\/wri-irg.org\/en\" target=\"_blank\" rel=\"noreferrer noopener\">WRI<\/a>, <a href=\"http:\/\/www.ifor.org\/\" target=\"_blank\" rel=\"noreferrer noopener\">IFOR<\/a>, <a href=\"http:\/\/www.sci-france.org\/\" target=\"_blank\" rel=\"noreferrer noopener\">SCI France<\/a>, year: 2020, duration: 68 mins, language: French.<\/p>\n\n\n\n<p>On the occasion of the International Human Rights Day, 10 December 2020, the <a rel=\"noreferrer noopener\" href=\"http:\/\/unionpacifiste.org\/\" target=\"_blank\">Union Pacifiste de France (UPF)<\/a>, the <a rel=\"noreferrer noopener\" href=\"https:\/\/ebco-beoc.org\/\" target=\"_blank\">European Bureau for Conscientious Objection (EBCO)<\/a> and <a rel=\"noreferrer noopener\" href=\"https:\/\/wri-irg.org\/en\" target=\"_blank\">War Resisters&#8217; International (WRI)<\/a> co-organised the premiere of the documentary on 11 December 2020:<\/p>\n\n\n\n<p><a href=\"https:\/\/www.facebook.com\/events\/658479198154549\">https:\/\/www.facebook.com\/events\/658479198154549<\/a><\/p>\n\n\n\n<p>Program (French time):<br>18:00-18:10 Welcome by EBCO and WRI<br>18:10-18:15 Welcome by UPF &#8211; Maurice Montet<br>18:15-19:30 Documentary screening<br>19:30-20:00 Discussion<\/p>\n\n\n\n<figure class=\"wp-block-image size-large\"><img loading=\"lazy\" decoding=\"async\" width=\"1024\" height=\"574\" src=\"https:\/\/femartact.gr\/wp-content\/uploads\/2020\/11\/Photo-still-2.png\" alt=\"\" class=\"wp-image-403\" srcset=\"https:\/\/femartact.gr\/wp-content\/uploads\/2020\/11\/Photo-still-2.png 1024w, https:\/\/femartact.gr\/wp-content\/uploads\/2020\/11\/Photo-still-2-300x168.png 300w, https:\/\/femartact.gr\/wp-content\/uploads\/2020\/11\/Photo-still-2-768x431.png 768w\" sizes=\"auto, (max-width: 1024px) 100vw, 1024px\" \/><\/figure>\n\n\n\n<figure class=\"wp-block-image size-large\"><img loading=\"lazy\" decoding=\"async\" width=\"1024\" height=\"575\" src=\"https:\/\/femartact.gr\/wp-content\/uploads\/2020\/11\/Photo-still-3.png\" alt=\"\" class=\"wp-image-404\" srcset=\"https:\/\/femartact.gr\/wp-content\/uploads\/2020\/11\/Photo-still-3.png 1024w, https:\/\/femartact.gr\/wp-content\/uploads\/2020\/11\/Photo-still-3-300x168.png 300w, https:\/\/femartact.gr\/wp-content\/uploads\/2020\/11\/Photo-still-3-768x431.png 768w\" sizes=\"auto, (max-width: 1024px) 100vw, 1024px\" \/><\/figure>\n\n\n\n<figure class=\"wp-block-image size-large\"><img loading=\"lazy\" decoding=\"async\" width=\"1024\" height=\"578\" src=\"https:\/\/femartact.gr\/wp-content\/uploads\/2020\/11\/Photo-still-4.png\" alt=\"\" class=\"wp-image-405\" srcset=\"https:\/\/femartact.gr\/wp-content\/uploads\/2020\/11\/Photo-still-4.png 1024w, https:\/\/femartact.gr\/wp-content\/uploads\/2020\/11\/Photo-still-4-300x169.png 300w, https:\/\/femartact.gr\/wp-content\/uploads\/2020\/11\/Photo-still-4-768x434.png 768w\" sizes=\"auto, (max-width: 1024px) 100vw, 1024px\" \/><\/figure>\n\n\n\n<figure class=\"wp-block-image size-large\"><img loading=\"lazy\" decoding=\"async\" width=\"1024\" height=\"574\" src=\"https:\/\/femartact.gr\/wp-content\/uploads\/2020\/11\/Photo-still-6.png\" alt=\"\" class=\"wp-image-406\" srcset=\"https:\/\/femartact.gr\/wp-content\/uploads\/2020\/11\/Photo-still-6.png 1024w, https:\/\/femartact.gr\/wp-content\/uploads\/2020\/11\/Photo-still-6-300x168.png 300w, https:\/\/femartact.gr\/wp-content\/uploads\/2020\/11\/Photo-still-6-768x431.png 768w\" sizes=\"auto, (max-width: 1024px) 100vw, 1024px\" \/><\/figure>\n\n\n\n<figure class=\"wp-block-image size-large\"><img loading=\"lazy\" decoding=\"async\" width=\"1024\" height=\"573\" src=\"https:\/\/femartact.gr\/wp-content\/uploads\/2020\/11\/Photo-still-10.png\" alt=\"\" class=\"wp-image-408\" srcset=\"https:\/\/femartact.gr\/wp-content\/uploads\/2020\/11\/Photo-still-10.png 1024w, https:\/\/femartact.gr\/wp-content\/uploads\/2020\/11\/Photo-still-10-300x168.png 300w, https:\/\/femartact.gr\/wp-content\/uploads\/2020\/11\/Photo-still-10-768x430.png 768w\" sizes=\"auto, (max-width: 1024px) 100vw, 1024px\" \/><\/figure>\n\n\n\n<figure class=\"wp-block-image size-large\"><img loading=\"lazy\" decoding=\"async\" width=\"1024\" height=\"575\" src=\"https:\/\/femartact.gr\/wp-content\/uploads\/2020\/11\/Photo-still-9.png\" alt=\"\" class=\"wp-image-407\" srcset=\"https:\/\/femartact.gr\/wp-content\/uploads\/2020\/11\/Photo-still-9.png 1024w, https:\/\/femartact.gr\/wp-content\/uploads\/2020\/11\/Photo-still-9-300x168.png 300w, https:\/\/femartact.gr\/wp-content\/uploads\/2020\/11\/Photo-still-9-768x431.png 768w\" sizes=\"auto, (max-width: 1024px) 100vw, 1024px\" \/><\/figure>\n\n\n\n<figure class=\"wp-block-image size-large\"><img loading=\"lazy\" decoding=\"async\" width=\"1024\" height=\"574\" src=\"https:\/\/femartact.gr\/wp-content\/uploads\/2020\/11\/Photo-still-11.png\" alt=\"\" class=\"wp-image-409\" srcset=\"https:\/\/femartact.gr\/wp-content\/uploads\/2020\/11\/Photo-still-11.png 1024w, https:\/\/femartact.gr\/wp-content\/uploads\/2020\/11\/Photo-still-11-300x168.png 300w, https:\/\/femartact.gr\/wp-content\/uploads\/2020\/11\/Photo-still-11-768x431.png 768w\" sizes=\"auto, (max-width: 1024px) 100vw, 1024px\" \/><\/figure>\n\n\n\n<figure class=\"wp-block-image size-large\"><img loading=\"lazy\" decoding=\"async\" width=\"1024\" height=\"575\" src=\"https:\/\/femartact.gr\/wp-content\/uploads\/2020\/11\/Photo-still-12.png\" alt=\"\" class=\"wp-image-410\" srcset=\"https:\/\/femartact.gr\/wp-content\/uploads\/2020\/11\/Photo-still-12.png 1024w, https:\/\/femartact.gr\/wp-content\/uploads\/2020\/11\/Photo-still-12-300x168.png 300w, https:\/\/femartact.gr\/wp-content\/uploads\/2020\/11\/Photo-still-12-768x431.png 768w\" sizes=\"auto, (max-width: 1024px) 100vw, 1024px\" \/><\/figure>\n\n\n\n<figure class=\"wp-block-image size-large\"><img loading=\"lazy\" decoding=\"async\" width=\"1024\" height=\"576\" src=\"https:\/\/femartact.gr\/wp-content\/uploads\/2020\/11\/Photo-still-13.png\" alt=\"\" class=\"wp-image-411\" srcset=\"https:\/\/femartact.gr\/wp-content\/uploads\/2020\/11\/Photo-still-13.png 1024w, https:\/\/femartact.gr\/wp-content\/uploads\/2020\/11\/Photo-still-13-300x169.png 300w, https:\/\/femartact.gr\/wp-content\/uploads\/2020\/11\/Photo-still-13-768x432.png 768w\" sizes=\"auto, (max-width: 1024px) 100vw, 1024px\" \/><\/figure>\n\n\n\n<figure class=\"wp-block-embed-wordpress wp-block-embed is-type-wp-embed is-provider-femartact\"><div class=\"wp-block-embed__wrapper\">\n<div class='embed-container'><blockquote class=\"wp-embedded-content\" data-secret=\"msAhPzAuMA\"><a href=\"https:\/\/femartact.gr\/?p=481\">Premi\u00e8re du documentaire &#8220;Maurice Montet: objecteur de conscience et pacifiste int\u00e9gral&#8221;<\/a><\/blockquote><iframe loading=\"lazy\" class=\"wp-embedded-content\" sandbox=\"allow-scripts\" security=\"restricted\" style=\"position: absolute; visibility: hidden;\" title=\"&#8220;Premi\u00e8re du documentaire &#8220;Maurice Montet: objecteur de conscience et pacifiste int\u00e9gral&#8221;&#8221; &#8212; FemArtAct\" src=\"https:\/\/femartact.gr\/?p=481&#038;embed=true#?secret=Hdx6A48gog#?secret=msAhPzAuMA\" data-secret=\"msAhPzAuMA\" width=\"600\" height=\"338\" frameborder=\"0\" marginwidth=\"0\" marginheight=\"0\" scrolling=\"no\"><\/iframe><\/div>\n<\/div><\/figure>\n","protected":false},"excerpt":{"rendered":"<p>Vous pouvez d\u00e9sormais visionner en ligne la version originale fran\u00e7aise de notre documentaire &#8220;Maurice Montet: objecteur de conscience et pacifiste int\u00e9gral&#8221; ici: Il a \u00e9t\u00e9 publi\u00e9 le 1\/1\/2021, pour honorer les 100 ans de l\u2019Internationale des R\u00e9sistants \u00e0 la Guerre (IRG). Le documentaire&nbsp;&#8220;Maurice Montet: objecteur de conscience et pacifiste int\u00e9gral&#8221;, qui a \u00e9t\u00e9 tourn\u00e9 \u00e0&hellip; <br \/> <a class=\"read-more\" href=\"https:\/\/femartact.gr\/?p=387\">Read more<\/a><\/p>\n","protected":false},"author":1,"featured_media":388,"comment_status":"open","ping_status":"open","sticky":false,"template":"","format":"standard","meta":{"footnotes":""},"categories":[9],"tags":[],"class_list":["post-387","post","type-post","status-publish","format-standard","has-post-thumbnail","hentry","category-documentary"],"_links":{"self":[{"href":"https:\/\/femartact.gr\/index.php?rest_route=\/wp\/v2\/posts\/387","targetHints":{"allow":["GET"]}}],"collection":[{"href":"https:\/\/femartact.gr\/index.php?rest_route=\/wp\/v2\/posts"}],"about":[{"href":"https:\/\/femartact.gr\/index.php?rest_route=\/wp\/v2\/types\/post"}],"author":[{"embeddable":true,"href":"https:\/\/femartact.gr\/index.php?rest_route=\/wp\/v2\/users\/1"}],"replies":[{"embeddable":true,"href":"https:\/\/femartact.gr\/index.php?rest_route=%2Fwp%2Fv2%2Fcomments&post=387"}],"version-history":[{"count":31,"href":"https:\/\/femartact.gr\/index.php?rest_route=\/wp\/v2\/posts\/387\/revisions"}],"predecessor-version":[{"id":3464,"href":"https:\/\/femartact.gr\/index.php?rest_route=\/wp\/v2\/posts\/387\/revisions\/3464"}],"wp:featuredmedia":[{"embeddable":true,"href":"https:\/\/femartact.gr\/index.php?rest_route=\/wp\/v2\/media\/388"}],"wp:attachment":[{"href":"https:\/\/femartact.gr\/index.php?rest_route=%2Fwp%2Fv2%2Fmedia&parent=387"}],"wp:term":[{"taxonomy":"category","embeddable":true,"href":"https:\/\/femartact.gr\/index.php?rest_route=%2Fwp%2Fv2%2Fcategories&post=387"},{"taxonomy":"post_tag","embeddable":true,"href":"https:\/\/femartact.gr\/index.php?rest_route=%2Fwp%2Fv2%2Ftags&post=387"}],"curies":[{"name":"wp","href":"https:\/\/api.w.org\/{rel}","templated":true}]}}