{"id":481,"date":"2020-12-14T08:29:00","date_gmt":"2020-12-14T08:29:00","guid":{"rendered":"https:\/\/femartact.gr\/?p=481"},"modified":"2020-12-16T08:36:44","modified_gmt":"2020-12-16T08:36:44","slug":"premiere-du-documentaire-maurice-montet-objecteur-de-conscience-et-pacifiste-integral","status":"publish","type":"post","link":"https:\/\/femartact.gr\/?p=481","title":{"rendered":"Premi\u00e8re du documentaire &#8220;Maurice Montet: objecteur de conscience et pacifiste int\u00e9gral&#8221;"},"content":{"rendered":"\n<p>\u00c0 l&#8217;occasion de la Journ\u00e9e internationale des Droits de l&#8217;Homme, le 10 d\u00e9cembre 2020, l&#8217;<a href=\"https:\/\/www.facebook.com\/Union-Pacifiste-677285495623407\/?__cft__[0]=AZU-vNtJ5Ct7CdYGjjWma-cfWzQ0ECiCIMhxKNtL4beU7K28XdLQ86AGjK0Xg3jwfBvdkg55OVuP82fgoqI4bbHuHAGRMjd9HgjX2iFdbkaNnpQVMWTOMlnGIn_T_XkO6uEyfQwqEUt_UTd9eM3UIDAziFAlTz8QcLMTcgavVNRqvvxgklzrOKXxWasFHQ1HFEY&amp;__tn__=kK-R\" target=\"_blank\" rel=\"noreferrer noopener\">Union Pacifiste<\/a> de France (UPF), le <a href=\"https:\/\/www.facebook.com\/ebcobeoc\/?__cft__[0]=AZU-vNtJ5Ct7CdYGjjWma-cfWzQ0ECiCIMhxKNtL4beU7K28XdLQ86AGjK0Xg3jwfBvdkg55OVuP82fgoqI4bbHuHAGRMjd9HgjX2iFdbkaNnpQVMWTOMlnGIn_T_XkO6uEyfQwqEUt_UTd9eM3UIDAziFAlTz8QcLMTcgavVNRqvvxgklzrOKXxWasFHQ1HFEY&amp;__tn__=kK-R\" target=\"_blank\" rel=\"noreferrer noopener\">EBCO &#8211; European Bureau for Conscientious Objection<\/a> (BEOC) et la <a href=\"https:\/\/www.facebook.com\/warresistersint\/?__cft__[0]=AZU-vNtJ5Ct7CdYGjjWma-cfWzQ0ECiCIMhxKNtL4beU7K28XdLQ86AGjK0Xg3jwfBvdkg55OVuP82fgoqI4bbHuHAGRMjd9HgjX2iFdbkaNnpQVMWTOMlnGIn_T_XkO6uEyfQwqEUt_UTd9eM3UIDAziFAlTz8QcLMTcgavVNRqvvxgklzrOKXxWasFHQ1HFEY&amp;__tn__=kK-R\" target=\"_blank\" rel=\"noreferrer noopener\">War Resisters&#8217; International<\/a> (IRG) ont co-organis\u00e9 la premi\u00e8re du documentaire &#8220;Maurice Montet: objecteur de conscience et pacifiste int\u00e9gral&#8221; le 11 d\u00e9cembre 2020 (<a href=\"https:\/\/www.facebook.com\/events\/658479198154549\/?__cft__[0]=AZU-vNtJ5Ct7CdYGjjWma-cfWzQ0ECiCIMhxKNtL4beU7K28XdLQ86AGjK0Xg3jwfBvdkg55OVuP82fgoqI4bbHuHAGRMjd9HgjX2iFdbkaNnpQVMWTOMlnGIn_T_XkO6uEyfQwqEUt_UTd9eM3UIDAziFAlTz8QcLMTcgavVNRqvvxgklzrOKXxWasFHQ1HFEY&amp;__tn__=-UK-R\" target=\"_blank\" rel=\"noreferrer noopener\">https:\/\/www.facebook.com\/events\/658479198154549<\/a>) Sam Biesemans, Vice-pr\u00e9sident du BEOC-EBCO, pour Maurice Montet:<\/p>\n\n\n\n<p>&#8220;J&#8217;ai rencontr\u00e9 Maurice au Parlement Europ\u00e9en \u00e0 Strasbourg dans le cadre de la r\u00e9solution de Maria-Antonietta Macciocchi. Cela presque 40 ans. Le BEOC a \u00e9t\u00e9 fond\u00e9 l\u00e9galement en Belgique comme association internationale sans but lucratif par Arr\u00eat\u00e9 Royal du 22 mai 1986: Maurice figure parmi les membres fondateurs. Il est rest\u00e9 un membre fid\u00e8le de nos r\u00e9unions europ\u00e9ennes. Au d\u00e9but de l\u2019existence du BEOC, nos r\u00e9unions se tenaient aussi bien en fran\u00e7ais qu\u2019en anglais. Mais avec l\u2019\u00e9largissement vers des pays d\u2019Europe centrale et de l\u2019Est, la langue de travail devient de facto l\u2019anglais. Pas facile pour nos amis francophones, et pourtant Maurice va faire des efforts pour se d\u00e9brouiller en anglais. Lors de nos repas BEOC, on verra souvent un coin de table occup\u00e9 par ceux qui communiquent plus facilement en fran\u00e7ais, car ils sont fatigu\u00e9s de la journ\u00e9e de r\u00e9union qui s\u2019est d\u00e9roul\u00e9e en anglais. Ces moments o\u00f9 les amis du BEOC se retrouvent \u00e0 table est important, car c\u2019est un moment de fraternit\u00e9 et de convivialit\u00e9. Maurice appr\u00e9cie ces moments-l\u00e0 o\u00f9 on peut apr\u00e8s une journ\u00e9e de travail en anglais, partager une bonne bouteille de vin grec ou fran\u00e7ais. Maurice agit dans la soci\u00e9t\u00e9 avec la m\u00eame conviction qu\u2019un Louis Lecoin. Au sein du BEOC, nous retrouvons des convictions et sensibilit\u00e9s diff\u00e9rentes, o\u00f9 se c\u00f4toient des catholiques, des quakers, des protestants, des ath\u00e9es, des orthodoxes, des socialistes libertaires, des anarchistes nonviolents, des sociaux-d\u00e9mocrates, des \u00e9cologistes, des lib\u00e9raux, des r\u00e9gionalistes, des europhiles, TOUS UNIS autour d\u2019un programme commun qui vise \u00e0 d\u00e9fendre le droit \u00e0 l\u2019objection de conscience comme droit fondamental. Maurice se sent bien dans cette ambiance pluraliste et internationale qui fonctionne de fa\u00e7on pragmatique sans confrontation de d\u00e9bats id\u00e9ologiques interminables. Et quand le BEOC rencontre des ministres, des parlementaires, des diplomates ou des hauts grad\u00e9s militaires, Maurice, bien qu\u2019anarchiste, est pr\u00e9sent pour d\u00e9fendre la bonne cause. Je sens chez lui un esprit anarchiste proche de celui de Georges Brassens: bon vivant, bienveillant, modeste, accompagn\u00e9 de la rigueur et la droiture de son \u00e9ducation protestante que nous avons en commun. Son action est aussi impr\u00e9gn\u00e9e par l\u2019esprit des lumi\u00e8res et des valeurs de la R\u00e9volution fran\u00e7aise qu\u2019on peut r\u00e9sumer par Libert\u00e9, Egalit\u00e9, Fraternit\u00e9, auquel il faut ajouter non-violence inspir\u00e9e par Gandhi et Martin Luther King. Mais chez Maurice, les valeurs de Libert\u00e9, Egalit\u00e9, Fraternit\u00e9 ne sont pas des mots creux, mais prennent tout leur sens authentique. Comment symboliser Maurice: un fusil bris\u00e9 dans la main gauche et une bouteille de vin rouge dans la main droite qu\u2019il d\u00e9bouche pour la partager avec ses amis.Un grand merci \u00e0 Alexia d\u2019avoir eu la belle id\u00e9e de ce documentaire sur Maurice et de l\u2019avoir r\u00e9alis\u00e9.&#8221;<\/p>\n","protected":false},"excerpt":{"rendered":"<p>\u00c0 l&#8217;occasion de la Journ\u00e9e internationale des Droits de l&#8217;Homme, le 10 d\u00e9cembre 2020, l&#8217;Union Pacifiste de France (UPF), le EBCO &#8211; European Bureau for Conscientious Objection (BEOC) et la War Resisters&#8217; International (IRG) ont co-organis\u00e9 la premi\u00e8re du documentaire &#8220;Maurice Montet: objecteur de conscience et pacifiste int\u00e9gral&#8221; le 11 d\u00e9cembre 2020 (https:\/\/www.facebook.com\/events\/658479198154549) Sam Biesemans,&hellip; <br \/> <a class=\"read-more\" href=\"https:\/\/femartact.gr\/?p=481\">Read more<\/a><\/p>\n","protected":false},"author":1,"featured_media":483,"comment_status":"open","ping_status":"open","sticky":false,"template":"","format":"standard","meta":{"footnotes":""},"categories":[6,9],"tags":[],"class_list":["post-481","post","type-post","status-publish","format-standard","has-post-thumbnail","hentry","category-action","category-documentary"],"_links":{"self":[{"href":"https:\/\/femartact.gr\/index.php?rest_route=\/wp\/v2\/posts\/481","targetHints":{"allow":["GET"]}}],"collection":[{"href":"https:\/\/femartact.gr\/index.php?rest_route=\/wp\/v2\/posts"}],"about":[{"href":"https:\/\/femartact.gr\/index.php?rest_route=\/wp\/v2\/types\/post"}],"author":[{"embeddable":true,"href":"https:\/\/femartact.gr\/index.php?rest_route=\/wp\/v2\/users\/1"}],"replies":[{"embeddable":true,"href":"https:\/\/femartact.gr\/index.php?rest_route=%2Fwp%2Fv2%2Fcomments&post=481"}],"version-history":[{"count":2,"href":"https:\/\/femartact.gr\/index.php?rest_route=\/wp\/v2\/posts\/481\/revisions"}],"predecessor-version":[{"id":485,"href":"https:\/\/femartact.gr\/index.php?rest_route=\/wp\/v2\/posts\/481\/revisions\/485"}],"wp:featuredmedia":[{"embeddable":true,"href":"https:\/\/femartact.gr\/index.php?rest_route=\/wp\/v2\/media\/483"}],"wp:attachment":[{"href":"https:\/\/femartact.gr\/index.php?rest_route=%2Fwp%2Fv2%2Fmedia&parent=481"}],"wp:term":[{"taxonomy":"category","embeddable":true,"href":"https:\/\/femartact.gr\/index.php?rest_route=%2Fwp%2Fv2%2Fcategories&post=481"},{"taxonomy":"post_tag","embeddable":true,"href":"https:\/\/femartact.gr\/index.php?rest_route=%2Fwp%2Fv2%2Ftags&post=481"}],"curies":[{"name":"wp","href":"https:\/\/api.w.org\/{rel}","templated":true}]}}